{"id":2992,"date":"2019-05-25T16:10:00","date_gmt":"2019-05-25T16:10:00","guid":{"rendered":"https:\/\/www.lucianibiolaghi.it\/vera-luciani-partecipera-al-flower-show-di-firenze-25-26-maggio-2019\/"},"modified":"2022-03-10T21:10:56","modified_gmt":"2022-03-10T21:10:56","slug":"vera-luciani-partecipera-al-flower-show-di-firenze-25-26-maggio-2019","status":"publish","type":"post","link":"https:\/\/www.lucianibiolaghi.it\/en\/news\/vera-luciani-partecipera-al-flower-show-di-firenze-25-26-maggio-2019\/","title":{"rendered":"Vera Luciani parteciper\u00e0 al Flower Show di Firenze &#8211; 25\/26 Maggio 2019"},"content":{"rendered":"\n<p>Vera Luciani parteciper\u00e0 alla prima edizione di Firenze Flower Show, il 25 e 26 maggio 2019 nella bellissima location dei Giardini Corsini.<\/p>\n\n\n\n<p>Tante le novit\u00e0 per i visitatori che decideranno di trascorrere un weekend all\u2019insegna del verde di qualit\u00e0 e del giardinaggio. La kermesse ospiter\u00e0 infatti un parco espositori sempre pi\u00f9 nutrito, 60 fra i migliori produttori e collezionisti di rarit\u00e0 botaniche saranno pronti a mostrare al grande pubblico le loro variet\u00e0 pi\u00f9 particolari e a presentare le loro anteprime assolute a livello nazionale.<\/p>\n\n\n\n<p>Trovate ulteriori informazioni al seguente link: <a href=\"http:\/\/www.firenzeflowershow.com\/\">http:\/\/www.firenzeflowershow.com\/<\/a><\/p>\n","protected":false},"excerpt":{"rendered":"<p>Vera Luciani parteciper\u00e0 alla prima edizione di Firenze Flower Show, il 25 e 26 maggio 2019 nella bellissima location dei Giardini Corsini. Tante le novit\u00e0 per i visitatori che decideranno di trascorrere un weekend all\u2019insegna del verde di qualit\u00e0 e del giardinaggio. La kermesse ospiter\u00e0 infatti un parco espositori sempre pi\u00f9 nutrito, 60 fra i [&hellip;]\n","protected":false},"author":1,"featured_media":1776,"comment_status":"open","ping_status":"open","sticky":false,"template":"","format":"standard","meta":{"footnotes":""},"categories":[12],"tags":[],"class_list":["post-2992","post","type-post","status-publish","format-standard","has-post-thumbnail","hentry","category-news"],"_links":{"self":[{"href":"https:\/\/www.lucianibiolaghi.it\/en\/wp-json\/wp\/v2\/posts\/2992","targetHints":{"allow":["GET"]}}],"collection":[{"href":"https:\/\/www.lucianibiolaghi.it\/en\/wp-json\/wp\/v2\/posts"}],"about":[{"href":"https:\/\/www.lucianibiolaghi.it\/en\/wp-json\/wp\/v2\/types\/post"}],"author":[{"embeddable":true,"href":"https:\/\/www.lucianibiolaghi.it\/en\/wp-json\/wp\/v2\/users\/1"}],"replies":[{"embeddable":true,"href":"https:\/\/www.lucianibiolaghi.it\/en\/wp-json\/wp\/v2\/comments?post=2992"}],"version-history":[{"count":2,"href":"https:\/\/www.lucianibiolaghi.it\/en\/wp-json\/wp\/v2\/posts\/2992\/revisions"}],"predecessor-version":[{"id":3023,"href":"https:\/\/www.lucianibiolaghi.it\/en\/wp-json\/wp\/v2\/posts\/2992\/revisions\/3023"}],"wp:featuredmedia":[{"embeddable":true,"href":"https:\/\/www.lucianibiolaghi.it\/en\/wp-json\/wp\/v2\/media\/1776"}],"wp:attachment":[{"href":"https:\/\/www.lucianibiolaghi.it\/en\/wp-json\/wp\/v2\/media?parent=2992"}],"wp:term":[{"taxonomy":"category","embeddable":true,"href":"https:\/\/www.lucianibiolaghi.it\/en\/wp-json\/wp\/v2\/categories?post=2992"},{"taxonomy":"post_tag","embeddable":true,"href":"https:\/\/www.lucianibiolaghi.it\/en\/wp-json\/wp\/v2\/tags?post=2992"}],"curies":[{"name":"wp","href":"https:\/\/api.w.org\/{rel}","templated":true}]}}