{"id":3003,"date":"2019-09-06T16:13:00","date_gmt":"2019-09-06T16:13:00","guid":{"rendered":"https:\/\/www.lucianibiolaghi.it\/vera-luciani-alla-xix-edizione-di-murabilia-6-7-8-settembre-2019-lucca-mura-urbane\/"},"modified":"2022-03-10T21:06:22","modified_gmt":"2022-03-10T21:06:22","slug":"vera-luciani-alla-xix-edizione-di-murabilia-6-7-8-settembre-2019-lucca-mura-urbane","status":"publish","type":"post","link":"https:\/\/www.lucianibiolaghi.it\/en\/news\/vera-luciani-alla-xix-edizione-di-murabilia-6-7-8-settembre-2019-lucca-mura-urbane\/","title":{"rendered":"Vera Luciani alla XIX Edizione di Murabilia &#8211; 6-7-8 Settembre 2019 Lucca &#8211; Mura Urbane"},"content":{"rendered":"\n<h3 class=\"wp-block-heading\"><strong>Mostra Mercato del Giardinaggio di qualit\u00e0 &#8211; 19esima edizione<\/strong><\/h3>\n\n\n\n<p><em>Murabilia, mostra mercato del giardinaggio di qualit\u00e0,<\/em> \u00e8 una delle pi\u00f9 importanti manifestazioni italiane dedicate a <strong>fiori<\/strong>, <strong>piante<\/strong> e <strong>giardinaggio<\/strong>. Si svolge ogni anno nel primo weekend di settembre nell\u2019irripetibile scenario delle <strong>mura di Lucca<\/strong> sui baluardi San Regolo, La Libert\u00e0, nell\u2019Orto botanico e nei sotterranei delle mura.<\/p>\n\n\n\n<p>Sono presenti circa 250 espositori vivaisti specializzati italiani e stranieri con un\u2019offerta che spazia in tutti i settori del mondo vegetale con piante particolari o di nuova introduzione, antiche e nuove cultivar, attrezzature e arredi.<br><strong>Mi troverete nell&#8217;area espositori e sugli spalti con il mio progetto &#8220;Sulla via del bamb\u00f9&#8221;.<\/strong><\/p>\n\n\n\n<p><strong>Orari della mostra<\/strong>:<br>venerd\u00ec dalle ore 12.00 alle ore 19.30<br>sabato e domenica dalle ore 9.30 alle ore 19.30<br>la vendita dei biglietti termina alle ore 18.30 di ciascun giorno<\/p>\n\n\n\n<p>Ulteriori informazioni e il programma completo alla seguente pagina: <br><a href=\"https:\/\/www.murabilia.com\/informazione-ai-visitatori\/\">https:\/\/www.murabilia.com\/informazione-ai-visitatori\/<\/a><\/p>\n","protected":false},"excerpt":{"rendered":"<p>Mostra Mercato del Giardinaggio di qualit\u00e0 &#8211; 19esima edizione Murabilia, mostra mercato del giardinaggio di qualit\u00e0, \u00e8 una delle pi\u00f9 importanti manifestazioni italiane dedicate a fiori, piante e giardinaggio. Si svolge ogni anno nel primo weekend di settembre nell\u2019irripetibile scenario delle mura di Lucca sui baluardi San Regolo, La Libert\u00e0, nell\u2019Orto botanico e nei sotterranei [&hellip;]\n","protected":false},"author":1,"featured_media":1789,"comment_status":"open","ping_status":"open","sticky":false,"template":"","format":"standard","meta":{"footnotes":""},"categories":[12],"tags":[],"class_list":["post-3003","post","type-post","status-publish","format-standard","has-post-thumbnail","hentry","category-news"],"_links":{"self":[{"href":"https:\/\/www.lucianibiolaghi.it\/en\/wp-json\/wp\/v2\/posts\/3003","targetHints":{"allow":["GET"]}}],"collection":[{"href":"https:\/\/www.lucianibiolaghi.it\/en\/wp-json\/wp\/v2\/posts"}],"about":[{"href":"https:\/\/www.lucianibiolaghi.it\/en\/wp-json\/wp\/v2\/types\/post"}],"author":[{"embeddable":true,"href":"https:\/\/www.lucianibiolaghi.it\/en\/wp-json\/wp\/v2\/users\/1"}],"replies":[{"embeddable":true,"href":"https:\/\/www.lucianibiolaghi.it\/en\/wp-json\/wp\/v2\/comments?post=3003"}],"version-history":[{"count":2,"href":"https:\/\/www.lucianibiolaghi.it\/en\/wp-json\/wp\/v2\/posts\/3003\/revisions"}],"predecessor-version":[{"id":3019,"href":"https:\/\/www.lucianibiolaghi.it\/en\/wp-json\/wp\/v2\/posts\/3003\/revisions\/3019"}],"wp:featuredmedia":[{"embeddable":true,"href":"https:\/\/www.lucianibiolaghi.it\/en\/wp-json\/wp\/v2\/media\/1789"}],"wp:attachment":[{"href":"https:\/\/www.lucianibiolaghi.it\/en\/wp-json\/wp\/v2\/media?parent=3003"}],"wp:term":[{"taxonomy":"category","embeddable":true,"href":"https:\/\/www.lucianibiolaghi.it\/en\/wp-json\/wp\/v2\/categories?post=3003"},{"taxonomy":"post_tag","embeddable":true,"href":"https:\/\/www.lucianibiolaghi.it\/en\/wp-json\/wp\/v2\/tags?post=3003"}],"curies":[{"name":"wp","href":"https:\/\/api.w.org\/{rel}","templated":true}]}}